{"id":48,"date":"2020-04-01T18:00:00","date_gmt":"2020-04-01T18:00:00","guid":{"rendered":"http:\/\/localhost:180\/wordpress__WLW\/?p=48"},"modified":"2020-04-02T19:08:24","modified_gmt":"2020-04-02T19:08:24","slug":"wir-gehen-an-den-start","status":"publish","type":"post","link":"https:\/\/wir-lernen-weiter.ch\/fr\/wir-gehen-an-den-start\/","title":{"rendered":"Sans blague : nous prenons le d\u00e9part aujourd'hui !"},"content":{"rendered":"<figure class=\"wp-block-image size-large\"><img decoding=\"async\" width=\"1024\" height=\"314\" src=\"https:\/\/wir-lernen-weiter.ch\/wp-content\/uploads\/2020\/04\/Anmerkung-2020-03-29-155507-1-1024x314.png\" alt=\"\" class=\"wp-image-237\" srcset=\"https:\/\/wir-lernen-weiter.ch\/wp-content\/uploads\/2020\/04\/Anmerkung-2020-03-29-155507-1-1024x314.png 1024w, https:\/\/wir-lernen-weiter.ch\/wp-content\/uploads\/2020\/04\/Anmerkung-2020-03-29-155507-1-300x92.png 300w, https:\/\/wir-lernen-weiter.ch\/wp-content\/uploads\/2020\/04\/Anmerkung-2020-03-29-155507-1-768x236.png 768w, https:\/\/wir-lernen-weiter.ch\/wp-content\/uploads\/2020\/04\/Anmerkung-2020-03-29-155507-1-1200x368.png 1200w, https:\/\/wir-lernen-weiter.ch\/wp-content\/uploads\/2020\/04\/Anmerkung-2020-03-29-155507-1.png 1290w\" sizes=\"(max-width: 1024px) 100vw, 1024px\" \/><\/figure>\n\n\n\n<p>Avec l'abandon de l'enseignement conventionnel dans toute la Suisse, beaucoup de choses ont chang\u00e9 - et pas seulement pour les \u00e9l\u00e8ves et les enseignants. Les parents se voient confront\u00e9s \u00e0 un tout autre d\u00e9fi : <strong>Avons-nous seulement l'\u00e9quipement technique<\/strong>Comment faire pour permettre \u00e0 nos enfants d'apprendre \u00e0 distance ou d'apprendre par voie num\u00e9rique ? <\/p>\n\n\n\n<p>Dans l'id\u00e9al, on dispose d\u00e9j\u00e0 du mat\u00e9riel correspondant et on a donc (en plus des autres restrictions impos\u00e9es par Corona) un probl\u00e8me de moins sur le dos. <\/p>\n\n\n\n<p>Mais pour beaucoup, la r\u00e9alit\u00e9 est tout autre. Les appareils ne sont pas disponibles et doivent \u00eatre achet\u00e9s rapidement en plus de tout le reste. Outre le <strong>ph\u00e9nom\u00e8ne de ch\u00f4mage partiel, nervosit\u00e9 g\u00e9n\u00e9rale accrue par le paysage m\u00e9diatique et autres facteurs <\/strong>un point souvent trop exigeant. Le fait que l'un ou l'autre porte-monnaie explose \u00e0 cette occasion est malheureusement une triste r\u00e9alit\u00e9. <\/p>\n\n\n\n<p>Mais beaucoup d'entre nous sont en fait en mesure d'aider ces personnes qui ne disposent justement pas de ces moyens mon\u00e9taires. Je demande donc \u00e0 tous ceux qui peuvent se le permettre de faire preuve de solidarit\u00e9 envers nos semblables les plus faibles sur le plan \u00e9conomique et\/ou social. <\/p>\n\n\n\n<p><strong>La solidarit\u00e9 est le pilier de la Conf\u00e9d\u00e9ration suisse et de son succ\u00e8s.<\/strong>. Ces principes doivent \u00eatre compris et appliqu\u00e9s correctement dans la situation actuelle. Rester chez soi est l'exigence minimale pour ceux qui le peuvent. Mais il est facile de trouver de nombreuses fa\u00e7ons d'aider r\u00e9ellement les autres. Pour cela, il faut d'abord prendre conscience de tout ce que nous avons d'autre. Malgr\u00e9 l'isolement physique, beaucoup de gens se sentent beaucoup mieux que ce que l'on pourrait penser en fonction de la situation. <\/p>\n\n\n\n<p><strong>Remettez-vous en question de mani\u00e8re critique : <\/strong>Est-ce que je me sens vraiment mal ? Est-ce que je fais de mon mieux pour soutenir mon entourage dans cette crise ? Je me suis \u00e9galement pos\u00e9 cette question et j'ai pris la d\u00e9cision vendredi dernier que je pouvais faire plus. \"Wir lernen weiter\" est ma contribution pour changer positivement des histoires individuelles ou certaines.  <\/p>\n\n\n\n<p>J'esp\u00e8re pouvoir compter sur votre aide.<\/p>\n\n\n\n<p class=\"has-text-align-right\"><strong> - Tobias Sch\u00e4r <\/strong><\/p>\n\n\n\n<div class=\"wp-block-button aligncenter\"><a class=\"wp-block-button__link has-background has-secondary-background-color\" href=\"https:\/\/wir-lernen-weiter.ch\/fr\/\" style=\"border-radius:5px\">Apportez votre contribution<\/a><\/div>","protected":false},"excerpt":{"rendered":"<p>Avec l'abandon de l'enseignement conventionnel dans toute la Suisse, beaucoup de choses ont chang\u00e9 - et pas seulement pour les \u00e9l\u00e8ves et les enseignants. Les parents sont confront\u00e9s \u00e0 un tout autre d\u00e9fi : Avons-nous vraiment l'\u00e9quipement technique n\u00e9cessaire pour permettre \u00e0 nos petits de suivre ce que l'on appelle \"l'apprentissage \u00e0 distance\" ou m\u00eame d'apprendre par voie num\u00e9rique ? Dans l'id\u00e9al, on a...<\/p>","protected":false},"author":6,"featured_media":32,"comment_status":"open","ping_status":"open","sticky":false,"template":"","format":"standard","meta":{"iawp_total_views":1,"footnotes":""},"categories":[1],"tags":[],"class_list":["post-48","post","type-post","status-publish","format-standard","has-post-thumbnail","hentry","category-allgemein","tw-meta-no-icon"],"_links":{"self":[{"href":"https:\/\/wir-lernen-weiter.ch\/fr\/wp-json\/wp\/v2\/posts\/48","targetHints":{"allow":["GET"]}}],"collection":[{"href":"https:\/\/wir-lernen-weiter.ch\/fr\/wp-json\/wp\/v2\/posts"}],"about":[{"href":"https:\/\/wir-lernen-weiter.ch\/fr\/wp-json\/wp\/v2\/types\/post"}],"author":[{"embeddable":true,"href":"https:\/\/wir-lernen-weiter.ch\/fr\/wp-json\/wp\/v2\/users\/6"}],"replies":[{"embeddable":true,"href":"https:\/\/wir-lernen-weiter.ch\/fr\/wp-json\/wp\/v2\/comments?post=48"}],"version-history":[{"count":0,"href":"https:\/\/wir-lernen-weiter.ch\/fr\/wp-json\/wp\/v2\/posts\/48\/revisions"}],"wp:featuredmedia":[{"embeddable":true,"href":"https:\/\/wir-lernen-weiter.ch\/fr\/wp-json\/wp\/v2\/media\/32"}],"wp:attachment":[{"href":"https:\/\/wir-lernen-weiter.ch\/fr\/wp-json\/wp\/v2\/media?parent=48"}],"wp:term":[{"taxonomy":"category","embeddable":true,"href":"https:\/\/wir-lernen-weiter.ch\/fr\/wp-json\/wp\/v2\/categories?post=48"},{"taxonomy":"post_tag","embeddable":true,"href":"https:\/\/wir-lernen-weiter.ch\/fr\/wp-json\/wp\/v2\/tags?post=48"}],"curies":[{"name":"wp","href":"https:\/\/api.w.org\/{rel}","templated":true}]}}