{"id":306,"date":"2020-04-14T20:18:27","date_gmt":"2020-04-14T20:18:27","guid":{"rendered":"https:\/\/wir-lernen-weiter.ch\/?p=306"},"modified":"2020-04-16T17:33:40","modified_gmt":"2020-04-16T17:33:40","slug":"anderen-helfen-und-dabei-gluecklich-werden","status":"publish","type":"post","link":"https:\/\/wir-lernen-weiter.ch\/fr\/anderen-helfen-und-dabei-gluecklich-werden\/","title":{"rendered":"Aider les autres et \u00eatre heureux"},"content":{"rendered":"<h4 class=\"wp-block-heading\">Pourquoi aider les autres aujourd'hui alors que l'on a suffisamment de soucis pour son propre avenir ? Tobias Sch\u00e4r sur son engagement social avec notre plateforme<\/h4>\n\n\n\n<p>Il n'est pas \u00e9vident de se focaliser sur les autres et de mettre ses propres int\u00e9r\u00eats de c\u00f4t\u00e9 en ces semaines difficiles. C'est pr\u00e9cis\u00e9ment ce qui devrait changer selon Tobias Sch\u00e4r. Il en appelle \u00e0 tous ceux qui, de nos jours, peuvent rester assis chez eux en bonne sant\u00e9 et qui ne souffrent en fait que de ce que l'on appelle les \"First World Problems\".<\/p>\n\n\n\n<hr class=\"wp-block-separator has-text-color has-background has-secondary-background-color has-secondary-color is-style-wide\"\/>\n\n\n\n<p>\"Pourquoi fais-tu cela et comment cela est-il financ\u00e9 ?\" - Tobias Sch\u00e4r a d\u00fb faire face \u00e0 ces questions \u00e0 plusieurs reprises ces derniers jours. Non seulement lui, mais aussi son entourage se demandent pourquoi il faut investir du temps et de l'\u00e9nergie dans quelque chose qui ne nous aide visiblement pas beaucoup. Il a une r\u00e9ponse tr\u00e8s simple \u00e0 cela : la solidarit\u00e9.<\/p>\n\n\n\n<p>Le social distancing et ses cons\u00e9quences sur l'environnement social l'affectent \u00e9galement - il voyait par exemple ses amis et sa petite amie de longue date beaucoup moins que d'habitude. Mais ce n'est que le minimum requis, car c'est le devoir de chaque habitant de la Suisse. Le temps ainsi disponible n'est souvent pas utilis\u00e9 \u00e0 bon escient, mais plut\u00f4t li\u00e9 \u00e0 l'inqui\u00e9tude de voir les relations dispara\u00eetre. En principe, cela ne devrait pas poser de probl\u00e8me \u00e0 beaucoup d'entre nous. Skype, Teams et Discord ne sont que quelques-uns des outils qui permettent d'\u00eatre ensemble virtuellement - au travail comme en priv\u00e9. Et lorsque ces possibilit\u00e9s existent, beaucoup se sentent d\u00e9j\u00e0 mieux que d'autres qui n'ont pas acc\u00e8s \u00e0 ces applications.<\/p>\n\n\n\n<figure class=\"wp-block-image size-large\"><img decoding=\"async\" width=\"960\" height=\"720\" src=\"https:\/\/wir-lernen-weiter.ch\/wp-content\/uploads\/2020\/04\/WLW_Erste-Spende.jpg\" alt=\"\" class=\"wp-image-317\" srcset=\"https:\/\/wir-lernen-weiter.ch\/wp-content\/uploads\/2020\/04\/WLW_Erste-Spende.jpg 960w, https:\/\/wir-lernen-weiter.ch\/wp-content\/uploads\/2020\/04\/WLW_Erste-Spende-300x225.jpg 300w, https:\/\/wir-lernen-weiter.ch\/wp-content\/uploads\/2020\/04\/WLW_Erste-Spende-768x576.jpg 768w\" sizes=\"(max-width: 960px) 100vw, 960px\" \/><figcaption>Ordinateurs portables de \"Wir lernen weiter\" dans leur nouvelle maison \ud83d\ude42<\/figcaption><\/figure>\n\n\n\n<p>Le fait que de nombreuses personnes n'aient pas acc\u00e8s \u00e0 ces outils est presque un sujet tabou dans la crise de Corona. Mais selon Tobias, ce n'est que la partie \u00e9merg\u00e9e de l'iceberg. L'enseignement \u00e0 domicile est actuellement sur toutes les l\u00e8vres, mais les personnes \u00e0 faibles revenus, qui doivent faire face aux charges suppl\u00e9mentaires du ch\u00f4mage partiel et\/ou \u00e0 la disparition totale de leurs revenus, ont-elles encore la capacit\u00e9 de se procurer l'\u00e9quipement informatique correspondant ? \"Wir lernen weiter\" ne veut pas que cette question soit pos\u00e9e, mais reconna\u00eet qu'il s'agit d'un probl\u00e8me auquel beaucoup plus de personnes qu'on ne le pense peuvent apporter leur aide. Dois-je vraiment garder mes anciens ordinateurs portables ? Ne pourraient-ils pas cr\u00e9er une plus grande valeur ajout\u00e9e dans un autre lieu ? Nous r\u00e9pondons clairement : oui, c'est possible ! Et ce, en se d\u00e9barrassant de ces vieux objets et en les donnant \u00e0 une \u0153uvre caritative. <\/p>\n\n\n\n<p>\"Wir lernen weiter\" fournit aux familles dans le besoin l'\u00e9quipement n\u00e9cessaire pour avoir un souci de moins dans la p\u00e9riode actuelle. L'\u00e9ducation ne doit pas devenir inaccessible simplement parce que les moyens mon\u00e9taires le dictent. <\/p>\n\n\n\n<blockquote class=\"wp-block-quote is-layout-flow wp-block-quote-is-layout-flow\"><p>D\u00e9fendons ensemble ceux qui ont actuellement d'autres soucis et cr\u00e9ons ensemble des perspectives. Ensemble, nous obtenons plus que seuls ! <\/p><cite>Wir lernen weiter<\/cite><\/blockquote>\n\n\n\n<p>C'est ce credo que vit \"Wir lernen weiter\" - et c'est avec ce credo que nous voulons faire de notre mieux pour jouer notre r\u00f4le dans cette crise. <\/p>\n\n\n\n<p class=\"has-text-align-right\"><strong>- Wir lernen weiter<\/strong><\/p>","protected":false},"excerpt":{"rendered":"<p>Pourquoi aider les autres aujourd'hui alors que l'on a suffisamment de soucis pour son propre avenir ? Tobias Sch\u00e4r sur son engagement social avec notre plate-forme Il n'est pas \u00e9vident de se concentrer sur les autres et de mettre ses propres int\u00e9r\u00eats de c\u00f4t\u00e9 en ces semaines difficiles. C'est pr\u00e9cis\u00e9ment ce qui devrait changer selon Tobias Sch\u00e4r. Il en appelle \u00e0 tous pour...<\/p>","protected":false},"author":6,"featured_media":307,"comment_status":"open","ping_status":"open","sticky":false,"template":"","format":"standard","meta":{"iawp_total_views":0,"footnotes":""},"categories":[1],"tags":[],"class_list":["post-306","post","type-post","status-publish","format-standard","has-post-thumbnail","hentry","category-allgemein","tw-meta-no-icon"],"_links":{"self":[{"href":"https:\/\/wir-lernen-weiter.ch\/fr\/wp-json\/wp\/v2\/posts\/306","targetHints":{"allow":["GET"]}}],"collection":[{"href":"https:\/\/wir-lernen-weiter.ch\/fr\/wp-json\/wp\/v2\/posts"}],"about":[{"href":"https:\/\/wir-lernen-weiter.ch\/fr\/wp-json\/wp\/v2\/types\/post"}],"author":[{"embeddable":true,"href":"https:\/\/wir-lernen-weiter.ch\/fr\/wp-json\/wp\/v2\/users\/6"}],"replies":[{"embeddable":true,"href":"https:\/\/wir-lernen-weiter.ch\/fr\/wp-json\/wp\/v2\/comments?post=306"}],"version-history":[{"count":0,"href":"https:\/\/wir-lernen-weiter.ch\/fr\/wp-json\/wp\/v2\/posts\/306\/revisions"}],"wp:featuredmedia":[{"embeddable":true,"href":"https:\/\/wir-lernen-weiter.ch\/fr\/wp-json\/wp\/v2\/media\/307"}],"wp:attachment":[{"href":"https:\/\/wir-lernen-weiter.ch\/fr\/wp-json\/wp\/v2\/media?parent=306"}],"wp:term":[{"taxonomy":"category","embeddable":true,"href":"https:\/\/wir-lernen-weiter.ch\/fr\/wp-json\/wp\/v2\/categories?post=306"},{"taxonomy":"post_tag","embeddable":true,"href":"https:\/\/wir-lernen-weiter.ch\/fr\/wp-json\/wp\/v2\/tags?post=306"}],"curies":[{"name":"wp","href":"https:\/\/api.w.org\/{rel}","templated":true}]}}